{"id":17530,"date":"2024-05-21T09:10:40","date_gmt":"2024-05-21T09:10:40","guid":{"rendered":"https:\/\/jubopadel.com\/sosterremo-marta-marreo-al-betclic-bordeaux-premier-padel-p2-2024\/"},"modified":"2024-05-22T13:18:23","modified_gmt":"2024-05-22T13:18:23","slug":"sosterremo-marta-marreo-al-betclic-bordeaux-premier-padel-p2-2024","status":"publish","type":"post","link":"https:\/\/jubopadel.com\/it\/sosterremo-marta-marreo-al-betclic-bordeaux-premier-padel-p2-2024\/","title":{"rendered":"Sosterremo Marta Marrero al BETCLIC BORDEAUX PREMIER PADEL P2 2024"},"content":{"rendered":"\n<p>Siamo entusiasti di annunciare la sponsorizzazione di Marta Marrero per il torneo <a href=\"https:\/\/www.betclic-bordeaux-premierpadel.com\/es\/\" target=\"_blank\" rel=\"noreferrer noopener\">BETCLIC BORDEAUX PREMIER PADEL P2<\/a>, dall&#8217;8 al 16 giugno 2024! Marta, che \u00e8 stata numero 1 del padel, \u00e8 tornata di recente alle competizioni dopo essere diventata madre ed \u00e8 una vera ispirazione sia dentro che fuori dal campo.<\/p>\n\n<p>Noi di JUBO Padel non solo siamo entusiasti di vederla tornare in campo, ma siamo anche impegnati a sostenerla in ogni fase del suo percorso. I nostri campi sono pronti ad accompagnarla in questo ritorno al gioco, che sicuramente ci conquister\u00e0 tutti.<\/p>\n\n<p>Unisciti a noi in questo emozionante viaggio e segui come Marta continua a lasciare il segno nel mondo del padel. Forza Marta!<\/p>\n\n<figure class=\"wp-block-image size-large\"><img decoding=\"async\" width=\"1024\" height=\"597\" src=\"https:\/\/jubopadel.com\/wp-content\/uploads\/2024\/05\/marta-blog-1024x597.png\" alt=\"|\" class=\"wp-image-17654\" title=\"|\" srcset=\"https:\/\/jubopadel.com\/wp-content\/uploads\/2024\/05\/marta-blog-1024x597.png 1024w, https:\/\/jubopadel.com\/wp-content\/uploads\/2024\/05\/marta-blog-300x175.png 300w, https:\/\/jubopadel.com\/wp-content\/uploads\/2024\/05\/marta-blog-768x448.png 768w, https:\/\/jubopadel.com\/wp-content\/uploads\/2024\/05\/marta-blog.png 1080w\" sizes=\"(max-width: 1024px) 100vw, 1024px\"><figcaption>|<\/figcaption><\/figure>\n","protected":false},"excerpt":{"rendered":"<p>Siamo entusiasti di annunciare la sponsorizzazione di Marta Marrero per il torneo BETCLIC BORDEAUX PREMIER PADEL P2, dall&#8217;8 al 16 giugno 2024! Marta, che \u00e8 stata numero 1 del padel, \u00e8 tornata di recente alle competizioni dopo essere diventata madre ed \u00e8 una vera ispirazione sia dentro che fuori dal campo. Noi di JUBO Padel [&hellip;]<\/p>\n","protected":false},"author":6,"featured_media":17521,"comment_status":"open","ping_status":"open","sticky":true,"template":"","format":"standard","meta":{"footnotes":""},"categories":[64],"tags":[],"class_list":["post-17530","post","type-post","status-publish","format-standard","has-post-thumbnail","hentry","category-notizie"],"_links":{"self":[{"href":"https:\/\/jubopadel.com\/it\/wp-json\/wp\/v2\/posts\/17530","targetHints":{"allow":["GET"]}}],"collection":[{"href":"https:\/\/jubopadel.com\/it\/wp-json\/wp\/v2\/posts"}],"about":[{"href":"https:\/\/jubopadel.com\/it\/wp-json\/wp\/v2\/types\/post"}],"author":[{"embeddable":true,"href":"https:\/\/jubopadel.com\/it\/wp-json\/wp\/v2\/users\/6"}],"replies":[{"embeddable":true,"href":"https:\/\/jubopadel.com\/it\/wp-json\/wp\/v2\/comments?post=17530"}],"version-history":[{"count":19,"href":"https:\/\/jubopadel.com\/it\/wp-json\/wp\/v2\/posts\/17530\/revisions"}],"predecessor-version":[{"id":17732,"href":"https:\/\/jubopadel.com\/it\/wp-json\/wp\/v2\/posts\/17530\/revisions\/17732"}],"wp:featuredmedia":[{"embeddable":true,"href":"https:\/\/jubopadel.com\/it\/wp-json\/wp\/v2\/media\/17521"}],"wp:attachment":[{"href":"https:\/\/jubopadel.com\/it\/wp-json\/wp\/v2\/media?parent=17530"}],"wp:term":[{"taxonomy":"category","embeddable":true,"href":"https:\/\/jubopadel.com\/it\/wp-json\/wp\/v2\/categories?post=17530"},{"taxonomy":"post_tag","embeddable":true,"href":"https:\/\/jubopadel.com\/it\/wp-json\/wp\/v2\/tags?post=17530"}],"curies":[{"name":"wp","href":"https:\/\/api.w.org\/{rel}","templated":true}]}}