{"id":17526,"date":"2024-05-21T09:10:40","date_gmt":"2024-05-21T09:10:40","guid":{"rendered":"https:\/\/jubopadel.com\/apoyaremos-a-marta-marreo-en-el-betclic-bordeaux-premier-padel-p2-2024\/"},"modified":"2024-05-22T13:18:23","modified_gmt":"2024-05-22T13:18:23","slug":"apoyaremos-a-marta-marreo-en-el-betclic-bordeaux-premier-padel-p2-2024","status":"publish","type":"post","link":"https:\/\/jubopadel.com\/es\/apoyaremos-a-marta-marreo-en-el-betclic-bordeaux-premier-padel-p2-2024\/","title":{"rendered":"Apoyaremos a Marta Marrero en el BETCLIC BORDEAUX PREMIER PADEL P2 2024"},"content":{"rendered":"\n<p>Estamos encantados de anunciar nuestro patrocinio de Marta Marrero para el Torneo <a href=\"https:\/\/www.betclic-bordeaux-premierpadel.com\/es\/\" target=\"_blank\" rel=\"noreferrer noopener\">BETCLIC BORDEAUX PREMIER PADEL P2<\/a>, \u00a1del 8 al 16 de junio de 2024! Marta, que fue n\u00famero 1 de p\u00e1del, ha vuelto recientemente a la competici\u00f3n tras ser madre y es una verdadera inspiraci\u00f3n tanto dentro como fuera de la pista.<\/p>\n\n<p>En JUBO Padel, no s\u00f3lo estamos emocionados por verla de nuevo en la pista, sino que tambi\u00e9n estamos implicados en apoyarla en cada paso del camino. Nuestras canchas est\u00e1n preparadas para acompa\u00f1arla en este regreso al juego, que seguramente nos cautivar\u00e1 a todos.<\/p>\n\n<p>Acomp\u00e1\u00f1anos en este apasionante viaje y s\u00edguenos mientras Marta sigue dejando su huella en el mundo del p\u00e1del. \u00a1Vamos Marta!<\/p>\n\n<figure class=\"wp-block-image size-large\"><img decoding=\"async\" width=\"1024\" height=\"597\" src=\"https:\/\/jubopadel.com\/wp-content\/uploads\/2024\/05\/marta-blog-1024x597.png\" alt=\"|\" class=\"wp-image-17654\" title=\"|\" srcset=\"https:\/\/jubopadel.com\/wp-content\/uploads\/2024\/05\/marta-blog-1024x597.png 1024w, https:\/\/jubopadel.com\/wp-content\/uploads\/2024\/05\/marta-blog-300x175.png 300w, https:\/\/jubopadel.com\/wp-content\/uploads\/2024\/05\/marta-blog-768x448.png 768w, https:\/\/jubopadel.com\/wp-content\/uploads\/2024\/05\/marta-blog.png 1080w\" sizes=\"(max-width: 1024px) 100vw, 1024px\"><figcaption>|<\/figcaption><\/figure>\n","protected":false},"excerpt":{"rendered":"<p>Estamos encantados de anunciar nuestro patrocinio de Marta Marrero para el Torneo BETCLIC BORDEAUX PREMIER PADEL P2, \u00a1del 8 al 16 de junio de 2024! Marta, que fue n\u00famero 1 de p\u00e1del, ha vuelto recientemente a la competici\u00f3n tras ser madre y es una verdadera inspiraci\u00f3n tanto dentro como fuera de la pista. En JUBO [&hellip;]<\/p>\n","protected":false},"author":6,"featured_media":17522,"comment_status":"open","ping_status":"open","sticky":true,"template":"","format":"standard","meta":{"footnotes":""},"categories":[65],"tags":[],"class_list":["post-17526","post","type-post","status-publish","format-standard","has-post-thumbnail","hentry","category-noticias"],"_links":{"self":[{"href":"https:\/\/jubopadel.com\/es\/wp-json\/wp\/v2\/posts\/17526","targetHints":{"allow":["GET"]}}],"collection":[{"href":"https:\/\/jubopadel.com\/es\/wp-json\/wp\/v2\/posts"}],"about":[{"href":"https:\/\/jubopadel.com\/es\/wp-json\/wp\/v2\/types\/post"}],"author":[{"embeddable":true,"href":"https:\/\/jubopadel.com\/es\/wp-json\/wp\/v2\/users\/6"}],"replies":[{"embeddable":true,"href":"https:\/\/jubopadel.com\/es\/wp-json\/wp\/v2\/comments?post=17526"}],"version-history":[{"count":19,"href":"https:\/\/jubopadel.com\/es\/wp-json\/wp\/v2\/posts\/17526\/revisions"}],"predecessor-version":[{"id":17733,"href":"https:\/\/jubopadel.com\/es\/wp-json\/wp\/v2\/posts\/17526\/revisions\/17733"}],"wp:featuredmedia":[{"embeddable":true,"href":"https:\/\/jubopadel.com\/es\/wp-json\/wp\/v2\/media\/17522"}],"wp:attachment":[{"href":"https:\/\/jubopadel.com\/es\/wp-json\/wp\/v2\/media?parent=17526"}],"wp:term":[{"taxonomy":"category","embeddable":true,"href":"https:\/\/jubopadel.com\/es\/wp-json\/wp\/v2\/categories?post=17526"},{"taxonomy":"post_tag","embeddable":true,"href":"https:\/\/jubopadel.com\/es\/wp-json\/wp\/v2\/tags?post=17526"}],"curies":[{"name":"wp","href":"https:\/\/api.w.org\/{rel}","templated":true}]}}