{"id":4239,"date":"2023-08-11T09:14:09","date_gmt":"2023-08-11T09:14:09","guid":{"rendered":"https:\/\/jubopadel.com\/wir-haben-unser-infinity-by-jubopadel-gericht-in-kroatien-der-welt-praesentiert\/"},"modified":"2024-03-01T10:09:41","modified_gmt":"2024-03-01T10:09:41","slug":"wir-haben-unser-infinity-by-jubopadel-gericht-in-kroatien-der-welt-praesentiert","status":"publish","type":"post","link":"https:\/\/jubopadel.com\/de\/wir-haben-unser-infinity-by-jubopadel-gericht-in-kroatien-der-welt-praesentiert\/","title":{"rendered":"Unser INFINITY-Gericht wurde in Kroatien der Welt\u00f6ffentlichkeit vorgestellt"},"content":{"rendered":"\n<p>Der zentrale Platz von Umag war der ideale Schauplatz f\u00fcr unsere Ausstellung im Rahmen des kroatischen Nationalfinales, an dem auch Spieler der World Padel Tour teilnahmen.<\/p>\n\n<p>Kroatische Profisportler haben zusammen mit Spielern der renommierten DIAGONAL Padel Academy eine Vorf\u00fchrung auf unserem INFINITY Court durchgef\u00fchrt.<\/p>\n\n<div class=\"wp-block-columns is-layout-flex wp-container-core-columns-is-layout-9d6595d7 wp-block-columns-is-layout-flex\">\n<div class=\"wp-block-column is-layout-flow wp-block-column-is-layout-flow\" style=\"flex-basis:100%\">\n<figure class=\"wp-block-gallery has-nested-images columns-default is-cropped wp-block-gallery-1 is-layout-flex wp-block-gallery-is-layout-flex\">\n<figure class=\"wp-block-image size-large is-style-rounded\"><img decoding=\"async\" width=\"1024\" height=\"698\" data-id=\"1693\" src=\"https:\/\/jubopadel.com\/wp-content\/uploads\/2023\/08\/body1-1024x698.png\" alt=\"|\" class=\"wp-image-1693\" title=\"|\" srcset=\"https:\/\/jubopadel.com\/wp-content\/uploads\/2023\/08\/body1-1024x698.png 1024w, https:\/\/jubopadel.com\/wp-content\/uploads\/2023\/08\/body1-300x205.png 300w, https:\/\/jubopadel.com\/wp-content\/uploads\/2023\/08\/body1-768x524.png 768w, https:\/\/jubopadel.com\/wp-content\/uploads\/2023\/08\/body1-1536x1047.png 1536w, https:\/\/jubopadel.com\/wp-content\/uploads\/2023\/08\/body1-2048x1396.png 2048w\" sizes=\"(max-width: 1024px) 100vw, 1024px\"><figcaption>|<\/figcaption><\/figure>\n<\/figure>\n<\/div>\n\n\n\n<div class=\"wp-block-column is-layout-flow wp-block-column-is-layout-flow\" style=\"flex-basis:100%\">\n<figure class=\"wp-block-gallery has-nested-images columns-default is-cropped wp-block-gallery-2 is-layout-flex wp-block-gallery-is-layout-flex\">\n<figure class=\"wp-block-image size-large is-style-rounded\"><img decoding=\"async\" width=\"1024\" height=\"580\" data-id=\"1694\" src=\"https:\/\/jubopadel.com\/wp-content\/uploads\/2023\/08\/body2-1024x580.png\" alt=\"|\" class=\"wp-image-1694\" title=\"|\" srcset=\"https:\/\/jubopadel.com\/wp-content\/uploads\/2023\/08\/body2-1024x580.png 1024w, https:\/\/jubopadel.com\/wp-content\/uploads\/2023\/08\/body2-300x170.png 300w, https:\/\/jubopadel.com\/wp-content\/uploads\/2023\/08\/body2-768x435.png 768w, https:\/\/jubopadel.com\/wp-content\/uploads\/2023\/08\/body2-1536x870.png 1536w, https:\/\/jubopadel.com\/wp-content\/uploads\/2023\/08\/body2-2048x1161.png 2048w\" sizes=\"(max-width: 1024px) 100vw, 1024px\"><figcaption>|<\/figcaption><\/figure>\n<\/figure>\n<\/div>\n<\/div>\n\n<p>Umag hat bereits Erfahrung mit der Organisation von Tennisturnieren f\u00fcr die ATP-Tour, organisiert aber zum ersten Mal ein internationales Padel-Event.<\/p>\n\n<p>Wir sind sehr stolz auf die Ergebnisse und wir sind dankbar f\u00fcr den Empfang, den wir in Umag durch seine erstaunlichen Menschen erfahren haben.<\/p>\n\n<p>JUBO Padel ist immer wieder innovativ und er\u00f6ffnet dem Padel neue Wege in alle Ecken der Welt.<\/p>\n","protected":false},"excerpt":{"rendered":"<p>Der zentrale Platz von Umag war der ideale Schauplatz f\u00fcr unsere Ausstellung im Rahmen des kroatischen Nationalfinales, an dem auch Spieler der World Padel Tour teilnahmen. Kroatische Profisportler haben zusammen mit Spielern der renommierten DIAGONAL Padel Academy eine Vorf\u00fchrung auf unserem INFINITY Court durchgef\u00fchrt. Umag hat bereits Erfahrung mit der Organisation von Tennisturnieren f\u00fcr die [&hellip;]<\/p>\n","protected":false},"author":1,"featured_media":2936,"comment_status":"open","ping_status":"open","sticky":false,"template":"","format":"standard","meta":{"footnotes":""},"categories":[63],"tags":[],"class_list":["post-4239","post","type-post","status-publish","format-standard","has-post-thumbnail","hentry","category-nachrichten"],"_links":{"self":[{"href":"https:\/\/jubopadel.com\/de\/wp-json\/wp\/v2\/posts\/4239","targetHints":{"allow":["GET"]}}],"collection":[{"href":"https:\/\/jubopadel.com\/de\/wp-json\/wp\/v2\/posts"}],"about":[{"href":"https:\/\/jubopadel.com\/de\/wp-json\/wp\/v2\/types\/post"}],"author":[{"embeddable":true,"href":"https:\/\/jubopadel.com\/de\/wp-json\/wp\/v2\/users\/1"}],"replies":[{"embeddable":true,"href":"https:\/\/jubopadel.com\/de\/wp-json\/wp\/v2\/comments?post=4239"}],"version-history":[{"count":8,"href":"https:\/\/jubopadel.com\/de\/wp-json\/wp\/v2\/posts\/4239\/revisions"}],"predecessor-version":[{"id":13531,"href":"https:\/\/jubopadel.com\/de\/wp-json\/wp\/v2\/posts\/4239\/revisions\/13531"}],"wp:featuredmedia":[{"embeddable":true,"href":"https:\/\/jubopadel.com\/de\/wp-json\/wp\/v2\/media\/2936"}],"wp:attachment":[{"href":"https:\/\/jubopadel.com\/de\/wp-json\/wp\/v2\/media?parent=4239"}],"wp:term":[{"taxonomy":"category","embeddable":true,"href":"https:\/\/jubopadel.com\/de\/wp-json\/wp\/v2\/categories?post=4239"},{"taxonomy":"post_tag","embeddable":true,"href":"https:\/\/jubopadel.com\/de\/wp-json\/wp\/v2\/tags?post=4239"}],"curies":[{"name":"wp","href":"https:\/\/api.w.org\/{rel}","templated":true}]}}